{"id":33374008,"date":"2019-04-07T15:05:47","date_gmt":"2019-04-07T15:05:47","guid":{"rendered":"https:\/\/agro-global.com\/2019\/04\/07\/laser-leveler-2\/"},"modified":"2019-06-14T16:16:48","modified_gmt":"2019-06-14T16:16:48","slug":"laser-leveler-2","status":"publish","type":"post","link":"https:\/\/agro-global.com\/kk\/2019\/04\/07\/laser-leveler-2\/","title":{"rendered":"Laser Leveler 2"},"content":{"rendered":"<p>{&#8220;main-title&#8221;:{&#8220;component&#8221;:&#8221;hc_title&#8221;,&#8221;id&#8221;:&#8221;main-title&#8221;,&#8221;title&#8221;:&#8221;DEUTZ-FAHR SERIE 9&#8243;,&#8221;subtitle&#8221;:&#8221;&#8221;,&#8221;title_content&#8221;:{&#8220;component&#8221;:&#8221;hc_title_image&#8221;,&#8221;id&#8221;:&#8221;title-image&#8221;,&#8221;image&#8221;:&#8221;https:\/\/agro-global.com\/wp-content\/uploads\/2019\/03\/4120_1544602830aa9serie-1024&#215;307.jpg|480|1600|33372668&#8243;,&#8221;full_screen&#8221;:true,&#8221;full_screen_height&#8221;:&#8221;400&#8243;,&#8221;parallax&#8221;:false,&#8221;bleed&#8221;:&#8221;&#8221;,&#8221;ken_burn&#8221;:&#8221;&#8221;,&#8221;overlay&#8221;:&#8221;&#8221;,&#8221;breadcrumbs&#8221;:false,&#8221;white&#8221;:true,&#8221;position&#8221;:&#8221;&#8221;}},&#8221;section_5ZtkF&#8221;:{&#8220;component&#8221;:&#8221;hc_section&#8221;,&#8221;id&#8221;:&#8221;section_5ZtkF&#8221;,&#8221;section_width&#8221;:&#8221;&#8221;,&#8221;animation&#8221;:&#8221;&#8221;,&#8221;animation_time&#8221;:&#8221;&#8221;,&#8221;timeline_animation&#8221;:&#8221;&#8221;,&#8221;timeline_delay&#8221;:&#8221;&#8221;,&#8221;timeline_order&#8221;:&#8221;&#8221;,&#8221;vertical_row&#8221;:&#8221;&#8221;,&#8221;box_middle&#8221;:&#8221;&#8221;,&#8221;css_classes&#8221;:&#8221;&#8221;,&#8221;custom_css_classes&#8221;:&#8221;&#8221;,&#8221;custom_css_styles&#8221;:&#8221;&#8221;,&#8221;section_content&#8221;:[{&#8220;component&#8221;:&#8221;hc_column&#8221;,&#8221;id&#8221;:&#8221;column_UuCGK&#8221;,&#8221;column_width&#8221;:&#8221;col-md-12&#8243;,&#8221;animation&#8221;:&#8221;&#8221;,&#8221;animation_time&#8221;:&#8221;&#8221;,&#8221;timeline_animation&#8221;:&#8221;&#8221;,&#8221;timeline_delay&#8221;:&#8221;&#8221;,&#8221;timeline_order&#8221;:&#8221;&#8221;,&#8221;css_classes&#8221;:&#8221;&#8221;,&#8221;custom_css_classes&#8221;:&#8221;&#8221;,&#8221;custom_css_styles&#8221;:&#8221;&#8221;,&#8221;main_content&#8221;:[{&#8220;component&#8221;:&#8221;hc_title_tag&#8221;,&#8221;id&#8221;:&#8221;198nt&#8221;,&#8221;css_classes&#8221;:&#8221;&#8221;,&#8221;custom_css_classes&#8221;:&#8221;&#8221;,&#8221;custom_css_styles&#8221;:&#8221;&#8221;,&#8221;text&#8221;:&#8221;DEUTZ-FAHR SERIE 9&#8243;,&#8221;tag&#8221;:&#8221;h2&#8243;},{&#8220;component&#8221;:&#8221;hc_space&#8221;,&#8221;id&#8221;:&#8221;jtJRk&#8221;,&#8221;css_classes&#8221;:&#8221;&#8221;,&#8221;custom_css_classes&#8221;:&#8221;&#8221;,&#8221;custom_css_styles&#8221;:&#8221;&#8221;,&#8221;size&#8221;:&#8221;&#8221;,&#8221;height&#8221;:&#8221;&#8221;},{&#8220;component&#8221;:&#8221;hc_text_block&#8221;,&#8221;id&#8221;:&#8221;0M4Lb&#8221;,&#8221;css_classes&#8221;:&#8221;&#8221;,&#8221;custom_css_classes&#8221;:&#8221;&#8221;,&#8221;custom_css_styles&#8221;:&#8221;&#8221;,&#8221;content&#8221;:&#8221;KRAFT RAUF, KRAFTSTOFFVERBRAUCH RUNTERnnBei der Motorisierung f\u00fcr die Serie 9 ist nur das Beste gut genug. H\u00f6chste Leistung bei niedrigstem Verbrauch ist der entscheidende Faktor. Und da gibt es zu den wassergek\u00fchlten Deutz-TTCD 7.8 l 6 Zylinder Motoren (295 &#8211; 336 PS) mit zweistufigem Turbolader, Ladeluftk\u00fchlung, SCR-, DPF- und DCR-Technologie keine Alternative. Mit einem Einspritzdruck von 2.000 bar reagieren die Motoren blitzschnell und liefern 90% des Drehmoments schon bei 1.000 U\/min. Das maximale Drehmoment bleibt von 1.200 U\/min bis 1.800 U\/min konstant. Das \u201eDownspeed Konzept\u201c macht die neue Motorengeneration einzigartig. Dar\u00fcber hinaus zeichnen sich die Motoren durch ein exzellentes Kaltstartverhalten \u2013 auch unter extremen Bedingungen \u2013 aus. Durch die innovative SCR\/DPF Technologie erf\u00fcllen die Deutz-TTCD 7.8l Motoren alle internationalen Abgasnormen  (US EPH\/Tier4 final) ohne Leistungsverluste in Kauf zu nehmen. Das Gesamtkonzept ist auf maximale Effizienz getrimmt.&#8221;},{&#8220;component&#8221;:&#8221;hc_space&#8221;,&#8221;id&#8221;:&#8221;eVURg&#8221;,&#8221;css_classes&#8221;:&#8221;&#8221;,&#8221;custom_css_classes&#8221;:&#8221;&#8221;,&#8221;custom_css_styles&#8221;:&#8221;&#8221;,&#8221;size&#8221;:&#8221;&#8221;,&#8221;height&#8221;:&#8221;&#8221;},{&#8220;component&#8221;:&#8221;hc_image_slider&#8221;,&#8221;id&#8221;:&#8221;vhFU0&#8243;,&#8221;css_classes&#8221;:&#8221;&#8221;,&#8221;custom_css_classes&#8221;:&#8221;&#8221;,&#8221;custom_css_styles&#8221;:&#8221;&#8221;,&#8221;slides&#8221;:[{&#8220;component&#8221;:&#8221;hc_upload_img&#8221;,&#8221;id&#8221;:&#8221;BP1eO&#8221;,&#8221;link&#8221;:&#8221;https:\/\/agro-global.com\/wp-content\/uploads\/2019\/03\/big_fontana-3-4-2017a.gif|400|600|33372829&#8243;}],&#8221;outer_arrows&#8221;:true,&#8221;visible_arrows&#8221;:false,&#8221;nav_inner&#8221;:false,&#8221;lightbox&#8221;:true,&#8221;lightbox_animation&#8221;:&#8221;fade-in&#8221;,&#8221;image_animation&#8221;:&#8221;scale-up&#8221;,&#8221;thumb_size&#8221;:&#8221;large&#8221;,&#8221;image_size&#8221;:&#8221;large&#8221;,&#8221;thumbnail&#8221;:false,&#8221;png-over&#8221;:false,&#8221;custom_classes&#8221;:&#8221;&#8221;,&#8221;trigger&#8221;:&#8221;&#8221;,&#8221;data_options&#8221;:&#8221;&#8221;,&#8221;type&#8221;:&#8221;carousel&#8221;}]}],&#8221;section_settings&#8221;:&#8221;&#8221;},&#8221;scripts&#8221;:{&#8220;flexslider&#8221;:&#8221;flexslider\/jquery.flexslider-min.js&#8221;,&#8221;lightbox&#8221;:&#8221;jquery.magnific-popup.min.js&#8221;},&#8221;css&#8221;:{&#8220;flexslider&#8221;:&#8221;scripts\/flexslider\/flexslider.css&#8221;,&#8221;lightbox&#8221;:&#8221;scripts\/magnific-popup.css&#8221;},&#8221;css_page&#8221;:&#8221;&#8221;,&#8221;template_setting&#8221;:{&#8220;settings&#8221;:{&#8220;id&#8221;:&#8221;settings&#8221;}},&#8221;template_setting_top&#8221;:{},&#8221;page_setting&#8221;:{&#8220;settings&#8221;:[&#8220;lock-mode-off&#8221;]},&#8221;post_type_setting&#8221;:{&#8220;settings&#8221;:{&#8220;image&#8221;:&#8221;&#8221;,&#8221;excerpt&#8221;:&#8221;&#8221;,&#8221;extra_1&#8243;:&#8221;&#8221;,&#8221;extra_2&#8243;:&#8221;&#8221;,&#8221;icon&#8221;:{&#8220;icon&#8221;:&#8221;&#8221;,&#8221;icon_style&#8221;:&#8221;&#8221;,&#8221;icon_image&#8221;:&#8221;&#8221;}}}}<\/p>\n","protected":false},"excerpt":{"rendered":"<p>{&#8220;main-title&#8221;:{&#8220;component&#8221;:&#8221;hc_title&#8221;,&#8221;id&#8221;:&#8221;main-title&#8221;,&#8221;title&#8221;:&#8221;DEUTZ-FAHR SERIE 9&#8243;,&#8221;subtitle&#8221;:&#8221;&#8221;,&#8221;title_content&#8221;:{&#8220;component&#8221;:&#8221;hc_title_image&#8221;,&#8221;id&#8221;:&#8221;title-image&#8221;,&#8221;image&#8221;:&#8221;https:\/\/agro-global.com\/wp-content\/uploads\/2019\/03\/4120_1544602830aa9serie-1024&#215;307.jpg|480|1600|33372668&#8243;,&#8221;full_screen&#8221;:true,&#8221;full_screen_height&#8221;:&#8221;400&#8243;,&#8221;parallax&#8221;:false,&#8221;bleed&#8221;:&#8221;&#8221;,&#8221;ken_burn&#8221;:&#8221;&#8221;,&#8221;overlay&#8221;:&#8221;&#8221;,&#8221;breadcrumbs&#8221;:false,&#8221;white&#8221;:true,&#8221;position&#8221;:&#8221;&#8221;}},&#8221;section_5ZtkF&#8221;:{&#8220;component&#8221;:&#8221;hc_section&#8221;,&#8221;id&#8221;:&#8221;section_5ZtkF&#8221;,&#8221;section_width&#8221;:&#8221;&#8221;,&#8221;animation&#8221;:&#8221;&#8221;,&#8221;animation_time&#8221;:&#8221;&#8221;,&#8221;timeline_animation&#8221;:&#8221;&#8221;,&#8221;timeline_delay&#8221;:&#8221;&#8221;,&#8221;timeline_order&#8221;:&#8221;&#8221;,&#8221;vertical_row&#8221;:&#8221;&#8221;,&#8221;box_middle&#8221;:&#8221;&#8221;,&#8221;css_classes&#8221;:&#8221;&#8221;,&#8221;custom_css_classes&#8221;:&#8221;&#8221;,&#8221;custom_css_styles&#8221;:&#8221;&#8221;,&#8221;section_content&#8221;:[{&#8220;component&#8221;:&#8221;hc_column&#8221;,&#8221;id&#8221;:&#8221;column_UuCGK&#8221;,&#8221;column_width&#8221;:&#8221;col-md-12&#8243;,&#8221;animation&#8221;:&#8221;&#8221;,&#8221;animation_time&#8221;:&#8221;&#8221;,&#8221;timeline_animation&#8221;:&#8221;&#8221;,&#8221;timeline_delay&#8221;:&#8221;&#8221;,&#8221;timeline_order&#8221;:&#8221;&#8221;,&#8221;css_classes&#8221;:&#8221;&#8221;,&#8221;custom_css_classes&#8221;:&#8221;&#8221;,&#8221;custom_css_styles&#8221;:&#8221;&#8221;,&#8221;main_content&#8221;:[{&#8220;component&#8221;:&#8221;hc_title_tag&#8221;,&#8221;id&#8221;:&#8221;198nt&#8221;,&#8221;css_classes&#8221;:&#8221;&#8221;,&#8221;custom_css_classes&#8221;:&#8221;&#8221;,&#8221;custom_css_styles&#8221;:&#8221;&#8221;,&#8221;text&#8221;:&#8221;DEUTZ-FAHR SERIE 9&#8243;,&#8221;tag&#8221;:&#8221;h2&#8243;},{&#8220;component&#8221;:&#8221;hc_space&#8221;,&#8221;id&#8221;:&#8221;jtJRk&#8221;,&#8221;css_classes&#8221;:&#8221;&#8221;,&#8221;custom_css_classes&#8221;:&#8221;&#8221;,&#8221;custom_css_styles&#8221;:&#8221;&#8221;,&#8221;size&#8221;:&#8221;&#8221;,&#8221;height&#8221;:&#8221;&#8221;},{&#8220;component&#8221;:&#8221;hc_text_block&#8221;,&#8221;id&#8221;:&#8221;0M4Lb&#8221;,&#8221;css_classes&#8221;:&#8221;&#8221;,&#8221;custom_css_classes&#8221;:&#8221;&#8221;,&#8221;custom_css_styles&#8221;:&#8221;&#8221;,&#8221;content&#8221;:&#8221;KRAFT RAUF, KRAFTSTOFFVERBRAUCH RUNTERnnBei der Motorisierung f\u00fcr die Serie 9 ist nur das Beste gut genug. H\u00f6chste Leistung bei niedrigstem Verbrauch ist der entscheidende Faktor. Und da gibt es zu den wassergek\u00fchlten Deutz-TTCD 7.8 l 6 Zylinder Motoren (295 &#8211; 336 PS) mit zweistufigem Turbolader, Ladeluftk\u00fchlung, SCR-, DPF- und DCR-Technologie keine [&hellip;]<\/p>\n","protected":false},"author":1,"featured_media":0,"comment_status":"open","ping_status":"open","sticky":false,"template":"","format":"standard","meta":[],"categories":[49],"tags":[],"_links":{"self":[{"href":"https:\/\/agro-global.com\/kk\/wp-json\/wp\/v2\/posts\/33374008\/"}],"collection":[{"href":"https:\/\/agro-global.com\/kk\/wp-json\/wp\/v2\/posts\/"}],"about":[{"href":"https:\/\/agro-global.com\/kk\/wp-json\/wp\/v2\/types\/post\/"}],"author":[{"embeddable":true,"href":"https:\/\/agro-global.com\/kk\/wp-json\/wp\/v2\/users\/1\/"}],"replies":[{"embeddable":true,"href":"https:\/\/agro-global.com\/kk\/wp-json\/wp\/v2\/comments\/?post=33374008"}],"version-history":[{"count":2,"href":"https:\/\/agro-global.com\/kk\/wp-json\/wp\/v2\/posts\/33374008\/revisions\/"}],"predecessor-version":[{"id":33380184,"href":"https:\/\/agro-global.com\/kk\/wp-json\/wp\/v2\/posts\/33374008\/revisions\/33380184\/"}],"wp:attachment":[{"href":"https:\/\/agro-global.com\/kk\/wp-json\/wp\/v2\/media\/?parent=33374008"}],"wp:term":[{"taxonomy":"category","embeddable":true,"href":"https:\/\/agro-global.com\/kk\/wp-json\/wp\/v2\/categories\/?post=33374008"},{"taxonomy":"post_tag","embeddable":true,"href":"https:\/\/agro-global.com\/kk\/wp-json\/wp\/v2\/tags\/?post=33374008"}],"curies":[{"name":"wp","href":"https:\/\/api.w.org\/{rel}","templated":true}]}}